{"id":4974,"date":"2024-10-22T00:25:32","date_gmt":"2024-10-21T19:25:32","guid":{"rendered":"https:\/\/ccfwek.org\/message-de-condoleance-du-ccfwek-a-loccasion-du-deces-de-ethel-cote\/"},"modified":"2024-10-22T00:28:12","modified_gmt":"2024-10-21T19:28:12","slug":"message-de-condoleance-du-ccfwek-a-loccasion-du-deces-de-ethel-cote","status":"publish","type":"post","link":"https:\/\/ccfwek.org\/en\/message-de-condoleance-du-ccfwek-a-loccasion-du-deces-de-ethel-cote\/","title":{"rendered":"Message de condol\u00e9ances du CCFWEK \u00e0 l\u2019occasion du d\u00e9c\u00e8s de Ethel C\u00f4t\u00e9"},"content":{"rendered":"<p style=\"font-weight: 400;\">C\u2019est avec une profonde tristesse que nous avons appris le d\u00e9part de Mme <strong>Ethel C\u00f4t\u00e9<\/strong>, Professeure, fondatrice et Directrice g\u00e9n\u00e9rale de m\u00e9c\u00e8nESS, fi\u00e8re franco ontarienne, une femme d\u2019exception qui a marqu\u00e9 notre communaut\u00e9 par son engagement in\u00e9branlable et sa vision novatrice. <em>&#8220;Tisserande de l&#8217;innovation sociale&#8221;<\/em>, elle a \u0153uvr\u00e9 des d\u00e9cennies pour le d\u00e9veloppement \u00e9conomique et social des francophones de l&#8217;Ontario. Son h\u00e9ritage continuera d\u2019inspirer.<\/p>\n<p style=\"font-weight: 400;\">En ces moments difficiles, nous exprimons nos sinc\u00e8res condol\u00e9ances et tout notre compassion \u00e0 sa famille et \u00e0 toute la communaut\u00e9 franco-ontarienne.<\/p>\n<p style=\"font-weight: 400;\">Avec compassion et solidarit\u00e9,<\/p>\n<p style=\"font-weight: 400;\">Yasmine Joheir,<\/p>\n<p style=\"font-weight: 400;\">DG du CCFWEK<\/p>\n","protected":false},"excerpt":{"rendered":"<p>C\u2019est avec une profonde tristesse que nous avons appris le d\u00e9part de Mme Ethel C\u00f4t\u00e9, Professeure, fondatrice et Directrice g\u00e9n\u00e9rale de m\u00e9c\u00e8nESS, fi\u00e8re franco ontarienne, une femme d\u2019exception qui a marqu\u00e9 notre communaut\u00e9 par son engagement in\u00e9branlable et sa vision novatrice. &#8220;Tisserande de l&#8217;innovation sociale&#8221;, elle a \u0153uvr\u00e9 des d\u00e9cennies pour le d\u00e9veloppement \u00e9conomique et [&hellip;]<\/p>\n","protected":false},"author":3,"featured_media":4972,"comment_status":"closed","ping_status":"closed","sticky":false,"template":"","format":"standard","meta":{"footnotes":""},"categories":[124],"tags":[],"class_list":["post-4974","post","type-post","status-publish","format-standard","has-post-thumbnail","hentry","category-actualites-en"],"_links":{"self":[{"href":"https:\/\/ccfwek.org\/en\/wp-json\/wp\/v2\/posts\/4974","targetHints":{"allow":["GET"]}}],"collection":[{"href":"https:\/\/ccfwek.org\/en\/wp-json\/wp\/v2\/posts"}],"about":[{"href":"https:\/\/ccfwek.org\/en\/wp-json\/wp\/v2\/types\/post"}],"author":[{"embeddable":true,"href":"https:\/\/ccfwek.org\/en\/wp-json\/wp\/v2\/users\/3"}],"replies":[{"embeddable":true,"href":"https:\/\/ccfwek.org\/en\/wp-json\/wp\/v2\/comments?post=4974"}],"version-history":[{"count":1,"href":"https:\/\/ccfwek.org\/en\/wp-json\/wp\/v2\/posts\/4974\/revisions"}],"predecessor-version":[{"id":4976,"href":"https:\/\/ccfwek.org\/en\/wp-json\/wp\/v2\/posts\/4974\/revisions\/4976"}],"wp:featuredmedia":[{"embeddable":true,"href":"https:\/\/ccfwek.org\/en\/wp-json\/wp\/v2\/media\/4972"}],"wp:attachment":[{"href":"https:\/\/ccfwek.org\/en\/wp-json\/wp\/v2\/media?parent=4974"}],"wp:term":[{"taxonomy":"category","embeddable":true,"href":"https:\/\/ccfwek.org\/en\/wp-json\/wp\/v2\/categories?post=4974"},{"taxonomy":"post_tag","embeddable":true,"href":"https:\/\/ccfwek.org\/en\/wp-json\/wp\/v2\/tags?post=4974"}],"curies":[{"name":"wp","href":"https:\/\/api.w.org\/{rel}","templated":true}]}}