{"id":3684,"date":"2023-09-28T23:41:08","date_gmt":"2023-09-28T18:41:08","guid":{"rendered":"https:\/\/ccfwek.org\/?p=3684"},"modified":"2023-09-28T23:41:40","modified_gmt":"2023-09-28T18:41:40","slug":"le-ccfwek-a-tenu-son-assemblee-generale-annuelle","status":"publish","type":"post","link":"https:\/\/ccfwek.org\/en\/le-ccfwek-a-tenu-son-assemblee-generale-annuelle\/","title":{"rendered":"Le CCFWEK a tenu son Assembl\u00e9e G\u00e9n\u00e9rale Annuelle\u00a0"},"content":{"rendered":"<p style=\"font-weight: 400;\">L&#8217;Assembl\u00e9e G\u00e9n\u00e9rale Annuelle (AGA) du Centre Communautaire Francophone Windsor Essex-Kent (CCFWEK) s&#8217;est tenue le mercredi 27 septembre 2023 au Carrefour communautaire francophone de Windsor dans une ambiance de convivialit\u00e9 et de travail. \u00a0Rassemblant les membres de cet organe de d\u00e9cisions l\u2019AGA a \u00e9t\u00e9 l&#8217;occasion de dresser l\u2019\u00e9tat de lieu du Centre, de pr\u00e9senter les r\u00e9alisations majeures de l&#8217;exercice \u00e9coul\u00e9e ainsi que les perspectives futures pour le CCFWEK.<\/p>\n<p style=\"font-weight: 400;\">Pass\u00e9 le temps de la lecture des rapports divers et leur acceptation sous la pr\u00e9sidence de M. Paul Lachance, l\u2019Assembl\u00e9e G\u00e9n\u00e9rale annuelle a fait deux annonces essentielles.<\/p>\n<ol>\n<li><strong>La reconduction de M. Andr\u00e9 Gagnon et Mme Joane Gagnon au Conseil d&#8217;Administration<\/strong><\/li>\n<\/ol>\n<p>Andr\u00e9 Gagnon est une figure bien connue de la communaut\u00e9 francophone de Windsor et a toujours jou\u00e9 un r\u00f4le essentiel dans le d\u00e9veloppement du CCFWEK. Sa reconduction a \u00e9t\u00e9 accueilli chaleureusement par les membres pr\u00e9sents qui l\u2019ont f\u00e9licit\u00e9 pour son engagement envers la communaut\u00e9. Il en est de m\u00eame pour Mme Joane Gagnon un membre d\u00e9vou\u00e9e de la communaut\u00e9 qui a accept\u00e9 de continuer \u00e0 occuper sa place au sein du Conseil d\u2019administration. Avec ces deux entr\u00e9es, le Conseil d\u2019administration du CCFWEK affiche complet.<\/p>\n<ol start=\"2\">\n<li><strong>La Reconduction de la firme Grant Thornton LLP<\/strong><\/li>\n<\/ol>\n<p style=\"font-weight: 400;\">La firme Grant Thornton LLP a en effet \u00e9t\u00e9 reconduite pour conseiller et dresser les \u00e9tats financiers du Centre pour la nouvelle ann\u00e9e fiscale. Selon le rapport d\u00e9taill\u00e9 pr\u00e9sent\u00e9 par cette firme \u00e0 l&#8217;assembl\u00e9e, le Centre communautaire est en tr\u00e8s bonne sant\u00e9 financi\u00e8re. Cette nouvelle a r\u00e9joui et rassur\u00e9 les membres pr\u00e9sents sur la stabilit\u00e9 financi\u00e8re du CCFWEK et sur sa capacit\u00e9 \u00e0 poursuivre ses missions et ses projets communautaires promettent un avenir prometteur pour la communaut\u00e9 francophone de Windsor et de la r\u00e9gion.<\/p>\n","protected":false},"excerpt":{"rendered":"<p>L&#8217;Assembl\u00e9e G\u00e9n\u00e9rale Annuelle (AGA) du Centre Communautaire Francophone Windsor Essex-Kent (CCFWEK) s&#8217;est tenue le mercredi 27 septembre 2023 au Carrefour communautaire francophone de Windsor dans une ambiance de convivialit\u00e9 et de travail. \u00a0Rassemblant les membres de cet organe de d\u00e9cisions l\u2019AGA a \u00e9t\u00e9 l&#8217;occasion de dresser l\u2019\u00e9tat de lieu du Centre, de pr\u00e9senter les r\u00e9alisations [&hellip;]<\/p>\n","protected":false},"author":3,"featured_media":3685,"comment_status":"closed","ping_status":"closed","sticky":false,"template":"","format":"standard","meta":{"footnotes":""},"categories":[124],"tags":[],"class_list":["post-3684","post","type-post","status-publish","format-standard","has-post-thumbnail","hentry","category-actualites-en"],"_links":{"self":[{"href":"https:\/\/ccfwek.org\/en\/wp-json\/wp\/v2\/posts\/3684","targetHints":{"allow":["GET"]}}],"collection":[{"href":"https:\/\/ccfwek.org\/en\/wp-json\/wp\/v2\/posts"}],"about":[{"href":"https:\/\/ccfwek.org\/en\/wp-json\/wp\/v2\/types\/post"}],"author":[{"embeddable":true,"href":"https:\/\/ccfwek.org\/en\/wp-json\/wp\/v2\/users\/3"}],"replies":[{"embeddable":true,"href":"https:\/\/ccfwek.org\/en\/wp-json\/wp\/v2\/comments?post=3684"}],"version-history":[{"count":2,"href":"https:\/\/ccfwek.org\/en\/wp-json\/wp\/v2\/posts\/3684\/revisions"}],"predecessor-version":[{"id":3688,"href":"https:\/\/ccfwek.org\/en\/wp-json\/wp\/v2\/posts\/3684\/revisions\/3688"}],"wp:featuredmedia":[{"embeddable":true,"href":"https:\/\/ccfwek.org\/en\/wp-json\/wp\/v2\/media\/3685"}],"wp:attachment":[{"href":"https:\/\/ccfwek.org\/en\/wp-json\/wp\/v2\/media?parent=3684"}],"wp:term":[{"taxonomy":"category","embeddable":true,"href":"https:\/\/ccfwek.org\/en\/wp-json\/wp\/v2\/categories?post=3684"},{"taxonomy":"post_tag","embeddable":true,"href":"https:\/\/ccfwek.org\/en\/wp-json\/wp\/v2\/tags?post=3684"}],"curies":[{"name":"wp","href":"https:\/\/api.w.org\/{rel}","templated":true}]}}